{"id":5023,"date":"2023-06-16T19:21:08","date_gmt":"2023-06-16T17:21:08","guid":{"rendered":"https:\/\/www.rrrquarrata.it\/www\/?p=5023"},"modified":"2023-09-13T01:43:28","modified_gmt":"2023-09-12T23:43:28","slug":"30a-marcia-per-la-giustizia-9-settembre-2023","status":"publish","type":"post","link":"https:\/\/www.rrrquarrata.it\/www\/2023\/06\/30a-marcia-per-la-giustizia-9-settembre-2023\/","title":{"rendered":"30\u00aa Marcia per la Giustizia &#8211; 9 settembre 2023"},"content":{"rendered":"<p>Ciao,<br \/>\nabbiamo il piacere di invitarti a partecipare alla <strong>trentesima \u201cMarcia per la Giustizia<\/strong>\u201d di cui siamo tra gli organizzatori.<\/p>\n<p>I promotori dell\u2019evento sono: <strong>Ass. Casa della Solidariet\u00e0 O.D.V. di Quarrata;<\/strong> <strong>Ass. Rete Radi\u00e9 Resch<\/strong> &#8211; sede di Quarrata; e <strong>Ass. Libera. Associazioni, nomi e numeri contro le mafie A.P.S..<\/strong> Gli stessi organizzatori sono contenti di aver ottenuto il patrocinio del <strong>Comune di Quarrata<\/strong> per la realizzazione di questa iniziativa pubblica.<\/p>\n<p>L\u2019evento si terr\u00e0 <strong>sabato 9 settembre p.v., a partire dalle ore 20:45, in Piazza Risorgimento a Quarrata (PT).<\/strong><\/p>\n<p>Il programma della manifestazione era gi\u00e0 stato ampiamente definito dal suo ideatore<strong> Antonio Vermigli<\/strong>, scomparso alcune settimane fa, al quale sar\u00e0 dedicato l\u2019evento. Questa edizione non vedr\u00e0 la tradizionale marcia a piedi Agliana-Quarrata.<\/p>\n<p>Il programma della serata:<\/p>\n<p>Alle 20:45, dal palco allestito in piazza, ci sar\u00e0 un <strong>momento di ricordo di Antonio Vermigli<\/strong> tramite la proiezione di un breve video e mediante alcune testimonianze.<\/p>\n<p>Alle ore 21:00 inizieranno gli interventi di <strong>don Luigi Ciotti<\/strong>, (fondatore Gruppo Abele e Libera), <strong>padre Alex Zanotelli<\/strong> (missionario comboniano),<strong> Rosy Bindi<\/strong> (Presidente del Comitato per la nascita di don Lorenzo Milani), <strong>Erri De Luca <\/strong>(scrittore) e <strong>Mario Lancisi<\/strong> (giornalista e biografo di don Milani). Questi illustri ospiti svilupperanno i loro contributi a partire dal tema\u00a0 <strong>\u201cL\u2019obbedienza non \u00e8 pi\u00f9 una virt\u00f9\u201d anche in omaggio al centenario della nascita di don Lorenzo Milani.<\/strong><\/p>\n<p>Nelle vicinanze del luogo dell\u2019iniziativa sono presenti molteplici parcheggi pubblici.<\/p>\n<p>Infine, puoi scaricare il <a href=\"http:\/\/www.rrrquarrata.it\/www\/wp-content\/uploads\/2023\/06\/Manifesto_Marcia_2023.pdf\" target=\"_blank\" rel=\"noopener\">Manifesto della Marcia per la Giustizia cliccando qui<\/a> oppure salvando l&#8217;immagine qui di seguito.<\/p>\n<p>Con l\u2019occasione, ti autorizziamo e chiediamo cortesemente di contribuire a diffondere la notizia dell\u2019evento a cui ti stiamo convintamente invitando a partecipare.<\/p>\n<p><strong>Augurandoci della tua partecipazione all\u2019iniziativa, ti porgiamo i nostri pi\u00f9 cari saluti<\/strong><\/p>\n<p><strong>Ass. Casa della Solidariet\u00e0 O.D.V. di Quarrata (PT) e\u00a0<\/strong><strong>Rete Radi\u00e9 Resch &#8211; sede di Quarrata (PT)<\/strong><\/p>\n<p><img loading=\"lazy\" decoding=\"async\" data-attachment-id=\"5056\" data-permalink=\"https:\/\/www.rrrquarrata.it\/www\/2023\/06\/30a-marcia-per-la-giustizia-9-settembre-2023\/manifesto_marcia_2023_ok\/\" data-orig-file=\"https:\/\/www.rrrquarrata.it\/www\/wp-content\/uploads\/2023\/06\/Manifesto_Marcia_2023_ok-scaled.jpg\" data-orig-size=\"1797,2560\" data-comments-opened=\"1\" data-image-meta=\"{&quot;aperture&quot;:&quot;0&quot;,&quot;credit&quot;:&quot;&quot;,&quot;camera&quot;:&quot;&quot;,&quot;caption&quot;:&quot;&quot;,&quot;created_timestamp&quot;:&quot;0&quot;,&quot;copyright&quot;:&quot;&quot;,&quot;focal_length&quot;:&quot;0&quot;,&quot;iso&quot;:&quot;0&quot;,&quot;shutter_speed&quot;:&quot;0&quot;,&quot;title&quot;:&quot;&quot;,&quot;orientation&quot;:&quot;0&quot;}\" data-image-title=\"Manifesto_Marcia_2023_ok\" data-image-description=\"\" data-image-caption=\"\" data-medium-file=\"https:\/\/www.rrrquarrata.it\/www\/wp-content\/uploads\/2023\/06\/Manifesto_Marcia_2023_ok-211x300.jpg\" data-large-file=\"https:\/\/www.rrrquarrata.it\/www\/wp-content\/uploads\/2023\/06\/Manifesto_Marcia_2023_ok-719x1024.jpg\" class=\"alignnone size-large wp-image-5056\" src=\"http:\/\/www.rrrquarrata.it\/www\/wp-content\/uploads\/2023\/06\/Manifesto_Marcia_2023_ok-719x1024.jpg\" alt=\"Manifesto Marcia 2023\" width=\"719\" height=\"1024\" srcset=\"https:\/\/www.rrrquarrata.it\/www\/wp-content\/uploads\/2023\/06\/Manifesto_Marcia_2023_ok-719x1024.jpg 719w, https:\/\/www.rrrquarrata.it\/www\/wp-content\/uploads\/2023\/06\/Manifesto_Marcia_2023_ok-211x300.jpg 211w, https:\/\/www.rrrquarrata.it\/www\/wp-content\/uploads\/2023\/06\/Manifesto_Marcia_2023_ok-768x1094.jpg 768w, https:\/\/www.rrrquarrata.it\/www\/wp-content\/uploads\/2023\/06\/Manifesto_Marcia_2023_ok-1078x1536.jpg 1078w, https:\/\/www.rrrquarrata.it\/www\/wp-content\/uploads\/2023\/06\/Manifesto_Marcia_2023_ok-1437x2048.jpg 1437w, https:\/\/www.rrrquarrata.it\/www\/wp-content\/uploads\/2023\/06\/Manifesto_Marcia_2023_ok-1568x2234.jpg 1568w, https:\/\/www.rrrquarrata.it\/www\/wp-content\/uploads\/2023\/06\/Manifesto_Marcia_2023_ok-scaled.jpg 1797w\" sizes=\"auto, (max-width: 719px) 100vw, 719px\" \/><\/p>\n","protected":false},"excerpt":{"rendered":"<p>Ciao, abbiamo il piacere di invitarti a partecipare alla trentesima \u201cMarcia per la Giustizia\u201d di cui siamo tra gli organizzatori. I promotori dell\u2019evento sono: Ass. Casa della Solidariet\u00e0 O.D.V. di Quarrata; Ass. Rete Radi\u00e9 Resch &#8211; sede di Quarrata; e Ass. Libera. Associazioni, nomi e numeri contro le mafie A.P.S.. Gli stessi organizzatori sono contenti&hellip; <a class=\"more-link\" href=\"https:\/\/www.rrrquarrata.it\/www\/2023\/06\/30a-marcia-per-la-giustizia-9-settembre-2023\/\">Continua a leggere <span class=\"screen-reader-text\">30\u00aa Marcia per la Giustizia &#8211; 9 settembre 2023<\/span><\/a><\/p>\n","protected":false},"author":1,"featured_media":5056,"comment_status":"open","ping_status":"open","sticky":false,"template":"","format":"standard","meta":{"jetpack_post_was_ever_published":false,"_jetpack_newsletter_access":"","_jetpack_dont_email_post_to_subs":false,"_jetpack_newsletter_tier_id":0,"_jetpack_memberships_contains_paywalled_content":false,"_jetpack_memberships_contains_paid_content":false,"footnotes":"","jetpack_publicize_message":"","jetpack_publicize_feature_enabled":true,"jetpack_social_post_already_shared":true,"jetpack_social_options":{"image_generator_settings":{"template":"highway","default_image_id":0,"enabled":false},"version":2}},"categories":[7,35,36,41,33,8,1,6,42,13,15],"tags":[],"class_list":["post-5023","post","type-post","status-publish","format-standard","has-post-thumbnail","hentry","category-appuntamenti","category-democrazia","category-diritti-umani","category-guerra","category-italia","category-marcia","category-notiziario_indialogo","category-opinioni","category-pace","category-progetti","category-quale-politica","entry"],"jetpack_publicize_connections":[],"jetpack_featured_media_url":"https:\/\/www.rrrquarrata.it\/www\/wp-content\/uploads\/2023\/06\/Manifesto_Marcia_2023_ok-scaled.jpg","jetpack_shortlink":"https:\/\/wp.me\/p2vEQL-1j1","jetpack_sharing_enabled":true,"jetpack_likes_enabled":false,"jetpack-related-posts":[],"_links":{"self":[{"href":"https:\/\/www.rrrquarrata.it\/www\/wp-json\/wp\/v2\/posts\/5023","targetHints":{"allow":["GET"]}}],"collection":[{"href":"https:\/\/www.rrrquarrata.it\/www\/wp-json\/wp\/v2\/posts"}],"about":[{"href":"https:\/\/www.rrrquarrata.it\/www\/wp-json\/wp\/v2\/types\/post"}],"author":[{"embeddable":true,"href":"https:\/\/www.rrrquarrata.it\/www\/wp-json\/wp\/v2\/users\/1"}],"replies":[{"embeddable":true,"href":"https:\/\/www.rrrquarrata.it\/www\/wp-json\/wp\/v2\/comments?post=5023"}],"version-history":[{"count":4,"href":"https:\/\/www.rrrquarrata.it\/www\/wp-json\/wp\/v2\/posts\/5023\/revisions"}],"predecessor-version":[{"id":5057,"href":"https:\/\/www.rrrquarrata.it\/www\/wp-json\/wp\/v2\/posts\/5023\/revisions\/5057"}],"wp:featuredmedia":[{"embeddable":true,"href":"https:\/\/www.rrrquarrata.it\/www\/wp-json\/wp\/v2\/media\/5056"}],"wp:attachment":[{"href":"https:\/\/www.rrrquarrata.it\/www\/wp-json\/wp\/v2\/media?parent=5023"}],"wp:term":[{"taxonomy":"category","embeddable":true,"href":"https:\/\/www.rrrquarrata.it\/www\/wp-json\/wp\/v2\/categories?post=5023"},{"taxonomy":"post_tag","embeddable":true,"href":"https:\/\/www.rrrquarrata.it\/www\/wp-json\/wp\/v2\/tags?post=5023"}],"curies":[{"name":"wp","href":"https:\/\/api.w.org\/{rel}","templated":true}]}}